{"id":7918,"date":"2020-01-31T10:36:16","date_gmt":"2020-01-31T09:36:16","guid":{"rendered":"https:\/\/www.abanico.de\/abanico\/?p=7918"},"modified":"2020-05-02T14:41:39","modified_gmt":"2020-05-02T12:41:39","slug":"30-jahre-tatort-zentrum-ulm-lehrgangs-videos","status":"publish","type":"post","link":"https:\/\/www.abanico.de\/abanico\/30-jahre-tatort-zentrum-ulm-lehrgangs-videos\/","title":{"rendered":"30 Jahre Tatort Zentrum Ulm &#8211; Lehrgangs-Videos"},"content":{"rendered":"<p>Im November 2019 fand ein Modern Arnis Lehrgang in Ulm statt bei dem das 30j\u00e4hrige Jubil\u00e4um des Tatort Zentrum in Ulm, unter der Leitung von GM Hans Karrer, gefeiert wurde.<\/p>\n<p>Es unterrichteten alle 3 Gro\u00dfmeister des DAV gemeinsam: <strong>GM Datu Dieter Kn\u00fcttel, 10. Dan, GM Hans Karrer, 8. Dan und GM J\u00f8rgen Gydesen, 8. Dan.<\/strong><\/p>\n<p>Es war ein Feuerwerk der Techniken und Prinzipien, das unterrichtet wurde.<\/p>\n<p>&nbsp;<\/p>\n<p>Hier gibt es Informationen zum\u00a0 <a href=\"https:\/\/www.abanico.de\/abanico\/shop\/download-de\/seminar-videos-download-de\/lehrgaenge-mit-gm-datu-dieter-knuettel\/30-jahre-tatort-teil-1-download-de\/\"><strong><em><span style=\"color: #ff0000;\">30 Jahre Tatort Zentum Ulm &#8211; Teil 1<\/span><\/em><\/strong><\/a><\/p>\n<p><strong>49 Minuten, 12,90 \u20ac<\/strong><\/p>\n<div id=\"attachment_7907\" style=\"width: 210px\" class=\"wp-caption alignnone\"><a href=\"https:\/\/www.abanico.de\/abanico\/shop\/download-de\/seminar-videos-download-de\/lehrgaenge-mit-gm-datu-dieter-knuettel\/30-jahre-tatort-teil-1-download-de\/\"><img loading=\"lazy\" decoding=\"async\" aria-describedby=\"caption-attachment-7907\" class=\"wp-image-7907 size-medium\" src=\"https:\/\/www.abanico.de\/abanico\/wp-content\/uploads\/2020\/01\/30-Jahre-Teil-1-Tatort-Zentrum-de-200x272.jpg\" alt=\"Jubil\u00e4ums Lehrgang 30 Jahre Tatort Zentrum Ulm - Teil 1\" width=\"200\" height=\"272\" srcset=\"https:\/\/www.abanico.de\/abanico\/wp-content\/uploads\/2020\/01\/30-Jahre-Teil-1-Tatort-Zentrum-de-200x272.jpg 200w, https:\/\/www.abanico.de\/abanico\/wp-content\/uploads\/2020\/01\/30-Jahre-Teil-1-Tatort-Zentrum-de-757x1030.jpg 757w, https:\/\/www.abanico.de\/abanico\/wp-content\/uploads\/2020\/01\/30-Jahre-Teil-1-Tatort-Zentrum-de-74x100.jpg 74w, https:\/\/www.abanico.de\/abanico\/wp-content\/uploads\/2020\/01\/30-Jahre-Teil-1-Tatort-Zentrum-de-768x1044.jpg 768w, https:\/\/www.abanico.de\/abanico\/wp-content\/uploads\/2020\/01\/30-Jahre-Teil-1-Tatort-Zentrum-de-518x705.jpg 518w, https:\/\/www.abanico.de\/abanico\/wp-content\/uploads\/2020\/01\/30-Jahre-Teil-1-Tatort-Zentrum-de-400x544.jpg 400w, https:\/\/www.abanico.de\/abanico\/wp-content\/uploads\/2020\/01\/30-Jahre-Teil-1-Tatort-Zentrum-de.jpg 1042w\" sizes=\"auto, (max-width: 200px) 100vw, 200px\" \/><\/a><p id=\"caption-attachment-7907\" class=\"wp-caption-text\">30 Jahre Tatort Zentrum Teil 1 mit GM Datu DIeter Kn\u00fcttel, GM Hans Karrer und GM J\u00f8rgen Gydesen<\/p><\/div>\n<p>&nbsp;<\/p>\n<p>Hier gibt es Informationen zum\u00a0 <a href=\"https:\/\/www.abanico.de\/abanico\/shop\/download-de\/seminar-videos-download-de\/lehrgaenge-mit-gm-datu-dieter-knuettel\/30-jahre-tatort-teil-2-download-de\/\"><strong><em><span style=\"color: #ff0000;\">30 Jahre Tatort Zentum Ulm &#8211; Teil 2<\/span><\/em><\/strong><\/a><\/p>\n<p><strong>50 Minuten, 12,90 \u20ac<\/strong><\/p>\n<div id=\"attachment_7908\" style=\"width: 210px\" class=\"wp-caption alignnone\"><img loading=\"lazy\" decoding=\"async\" aria-describedby=\"caption-attachment-7908\" class=\"wp-image-7908 size-medium\" src=\"https:\/\/www.abanico.de\/abanico\/wp-content\/uploads\/2020\/01\/30-Jahre-Teil-2-Tatort-Zentrum-de-200x272.jpg\" alt=\"Jubil\u00e4ums Lehrgang 30 Jahre Tatort Zentrum Ulm - Teil 2\" width=\"200\" height=\"272\" srcset=\"https:\/\/www.abanico.de\/abanico\/wp-content\/uploads\/2020\/01\/30-Jahre-Teil-2-Tatort-Zentrum-de-200x272.jpg 200w, https:\/\/www.abanico.de\/abanico\/wp-content\/uploads\/2020\/01\/30-Jahre-Teil-2-Tatort-Zentrum-de-757x1030.jpg 757w, https:\/\/www.abanico.de\/abanico\/wp-content\/uploads\/2020\/01\/30-Jahre-Teil-2-Tatort-Zentrum-de-74x100.jpg 74w, https:\/\/www.abanico.de\/abanico\/wp-content\/uploads\/2020\/01\/30-Jahre-Teil-2-Tatort-Zentrum-de-768x1044.jpg 768w, https:\/\/www.abanico.de\/abanico\/wp-content\/uploads\/2020\/01\/30-Jahre-Teil-2-Tatort-Zentrum-de-518x705.jpg 518w, https:\/\/www.abanico.de\/abanico\/wp-content\/uploads\/2020\/01\/30-Jahre-Teil-2-Tatort-Zentrum-de-400x544.jpg 400w, https:\/\/www.abanico.de\/abanico\/wp-content\/uploads\/2020\/01\/30-Jahre-Teil-2-Tatort-Zentrum-de.jpg 1042w\" sizes=\"auto, (max-width: 200px) 100vw, 200px\" \/><p id=\"caption-attachment-7908\" class=\"wp-caption-text\">30 Jahre Tatort Zentrum Teil 2 mit GM Datu DIeter Kn\u00fcttel, GM Hans Karrer und GM J\u00f8rgen Gydesen<\/p><\/div>\n<p>&nbsp;<\/p>\n<p>Zum Angebot f\u00fcr beide Videos kommt man hier:\u00a0<em><strong><a href=\"https:\/\/www.abanico.de\/abanico\/shop\/download-de\/seminar-videos-download-de\/lehrgaenge-mit-weiteren-grossmeistern-und-meistern\/30-jahre-tatort-ulm-angebot-download-de\/\"><span style=\"color: #ff0000;\">30 Jahre Tatort Zentrum Ulm &#8211; Angebot<\/span><\/a><\/strong><\/em><span style=\"color: #ff0000;\"><em><strong><a style=\"color: #ff0000;\" href=\"https:\/\/www.abanico.de\/abanico\/shop\/download-de\/seminar-videos-download-de\/lehrgaenge-mit-weiteren-grossmeistern-und-meistern\/shadian-angebot-modern-arnis-balintawak-realistische-hebelketten-download-de\/\">\u00a0<\/a> <\/strong> <\/em><\/span><\/p>\n<div id=\"attachment_7915\" style=\"width: 210px\" class=\"wp-caption alignnone\"><img loading=\"lazy\" decoding=\"async\" aria-describedby=\"caption-attachment-7915\" class=\"wp-image-7915 size-medium\" src=\"https:\/\/www.abanico.de\/abanico\/wp-content\/uploads\/2020\/01\/30-Jahre-Tatort-Angebot-de-200x272.jpg\" alt=\"Jubil\u00e4ums Lehrgang 30 Jahre Tatort Zentrum Ulm - Teil 1 + 2\" width=\"200\" height=\"272\" srcset=\"https:\/\/www.abanico.de\/abanico\/wp-content\/uploads\/2020\/01\/30-Jahre-Tatort-Angebot-de-200x272.jpg 200w, https:\/\/www.abanico.de\/abanico\/wp-content\/uploads\/2020\/01\/30-Jahre-Tatort-Angebot-de-757x1030.jpg 757w, https:\/\/www.abanico.de\/abanico\/wp-content\/uploads\/2020\/01\/30-Jahre-Tatort-Angebot-de-74x100.jpg 74w, https:\/\/www.abanico.de\/abanico\/wp-content\/uploads\/2020\/01\/30-Jahre-Tatort-Angebot-de-768x1044.jpg 768w, https:\/\/www.abanico.de\/abanico\/wp-content\/uploads\/2020\/01\/30-Jahre-Tatort-Angebot-de-518x705.jpg 518w, https:\/\/www.abanico.de\/abanico\/wp-content\/uploads\/2020\/01\/30-Jahre-Tatort-Angebot-de-400x544.jpg 400w, https:\/\/www.abanico.de\/abanico\/wp-content\/uploads\/2020\/01\/30-Jahre-Tatort-Angebot-de.jpg 1042w\" sizes=\"auto, (max-width: 200px) 100vw, 200px\" \/><p id=\"caption-attachment-7915\" class=\"wp-caption-text\">30 Jahre Tatort Zentrum Teil 1 + 2 mit GM Datu DIeter Kn\u00fcttel, GM Hans Karrer und GM J\u00f8rgen Gydesen<\/p><\/div>\n<p><strong>49 + 50 Minuten: nur 21,90 \u20ac<\/strong><\/p>\n<p><strong>Sprache: deutsch &#8211; download<\/strong><br \/>\n<strong>Produzent: ABANICO<\/strong><\/p>\n","protected":false},"excerpt":{"rendered":"<p>Im November 2019 fand ein Modern Arnis Lehrgang in Ulm statt bei dem das 30j\u00e4hrige Jubil\u00e4um des Tatort Zentrum in Ulm, unter der Leitung von GM Hans Karrer, gefeiert wurde. Es unterrichteten alle 3 Gro\u00dfmeister des DAV gemeinsam: GM Datu Dieter Kn\u00fcttel, 10. Dan, GM Hans Karrer, 8. Dan und GM J\u00f8rgen Gydesen, 8. Dan. [&hellip;]<\/p>\n","protected":false},"author":2333,"featured_media":7915,"comment_status":"closed","ping_status":"open","sticky":false,"template":"","format":"standard","meta":{"footnotes":""},"categories":[1],"tags":[],"class_list":["post-7918","post","type-post","status-publish","format-standard","has-post-thumbnail","hentry","category-allgemein"],"_links":{"self":[{"href":"https:\/\/www.abanico.de\/abanico\/wp-json\/wp\/v2\/posts\/7918","targetHints":{"allow":["GET"]}}],"collection":[{"href":"https:\/\/www.abanico.de\/abanico\/wp-json\/wp\/v2\/posts"}],"about":[{"href":"https:\/\/www.abanico.de\/abanico\/wp-json\/wp\/v2\/types\/post"}],"author":[{"embeddable":true,"href":"https:\/\/www.abanico.de\/abanico\/wp-json\/wp\/v2\/users\/2333"}],"replies":[{"embeddable":true,"href":"https:\/\/www.abanico.de\/abanico\/wp-json\/wp\/v2\/comments?post=7918"}],"version-history":[{"count":4,"href":"https:\/\/www.abanico.de\/abanico\/wp-json\/wp\/v2\/posts\/7918\/revisions"}],"predecessor-version":[{"id":8516,"href":"https:\/\/www.abanico.de\/abanico\/wp-json\/wp\/v2\/posts\/7918\/revisions\/8516"}],"wp:featuredmedia":[{"embeddable":true,"href":"https:\/\/www.abanico.de\/abanico\/wp-json\/wp\/v2\/media\/7915"}],"wp:attachment":[{"href":"https:\/\/www.abanico.de\/abanico\/wp-json\/wp\/v2\/media?parent=7918"}],"wp:term":[{"taxonomy":"category","embeddable":true,"href":"https:\/\/www.abanico.de\/abanico\/wp-json\/wp\/v2\/categories?post=7918"},{"taxonomy":"post_tag","embeddable":true,"href":"https:\/\/www.abanico.de\/abanico\/wp-json\/wp\/v2\/tags?post=7918"}],"curies":[{"name":"wp","href":"https:\/\/api.w.org\/{rel}","templated":true}]}}