{"id":13022,"date":"2022-11-18T11:18:08","date_gmt":"2022-11-18T10:18:08","guid":{"rendered":"https:\/\/www.abanico.de\/abanico\/?p=13022"},"modified":"2022-11-18T11:18:08","modified_gmt":"2022-11-18T10:18:08","slug":"dav-europa-seminar-angebot","status":"publish","type":"post","link":"https:\/\/www.abanico.de\/abanico\/dav-europa-seminar-angebot\/","title":{"rendered":"DAV-Europa-Seminar Angebot"},"content":{"rendered":"<p>Dieses Angebot umfasst die die beiden\u00a0 Download-Videos vom DAV-Europa-Seminar, das im September 2022 in Dortmund stattgefunden hat.<br \/>\nDer DAV hat die Repr\u00e4sentanten aus 4 L\u00e4ndern eingeladen, um ihr K\u00f6nnen mit den Teilnhemer\/innen zu teilen.<br \/>\nKnapp 80 Teilnehmer\/innen aus Frankreich, Ungarn, Tschechien und Deutschland trafen sich, um miteinander Modern Arnis zu trainieren.<\/p>\n<div dir=\"auto\">Die Trainer waren:<\/div>\n<div dir=\"auto\">Senior Guro Tom\u00e1\u0161 Severa, 3. Dan aus Tschechien<\/div>\n<div dir=\"auto\">Senior Guro Zolt\u00e1n Turek, 5. Dan\u00a0 aus Ungarn<\/div>\n<div dir=\"auto\">Senior Guro Laurent Hit, 5. Dan aus Frankreich<\/div>\n<div dir=\"auto\">GM Datu Dieter Kn\u00fcttel, 10. Dan aus Dortmund.<\/div>\n<p>Es wurden hervorragende Trainingseinheiten unterrichtet, mit interessanten Konzepte und teilweise neuen Ans\u00e4tze und Ideen f\u00fcr die Teilnehmer\/innen!<\/p>\n<p><strong><em><a href=\"https:\/\/www.abanico.de\/abanico\/shop\/download-de\/seminar-videos-download-de\/lehrgaenge-mit-gm-datu-dieter-knuettel\/dav-europa-seminar-1-2-angebot-download\/\"><span style=\"color: #ff0000;\">DAV_Europa-Seminar-Angebot &#8211; 1+2 &#8211; download<\/span><\/a><\/em> <\/strong><\/p>\n<h3>Statt 33,80 nur 29,90 \u20ac<\/h3>\n<div id=\"attachment_13019\" style=\"width: 210px\" class=\"wp-caption alignleft\"><a href=\"https:\/\/www.abanico.de\/abanico\/shop\/download-de\/seminar-videos-download-de\/lehrgaenge-mit-gm-datu-dieter-knuettel\/dav-europa-seminar-1-2-angebot-download\/\"><img loading=\"lazy\" decoding=\"async\" aria-describedby=\"caption-attachment-13019\" class=\"wp-image-13019 size-medium\" src=\"https:\/\/www.abanico.de\/abanico\/wp-content\/uploads\/2022\/11\/DAV-Europa-Angebot-2-200x200.jpg\" alt=\"DAV-Europa-Seminar - Teile 1 + 2\" width=\"200\" height=\"200\" srcset=\"https:\/\/www.abanico.de\/abanico\/wp-content\/uploads\/2022\/11\/DAV-Europa-Angebot-2-200x200.jpg 200w, https:\/\/www.abanico.de\/abanico\/wp-content\/uploads\/2022\/11\/DAV-Europa-Angebot-2-1030x1030.jpg 1030w, https:\/\/www.abanico.de\/abanico\/wp-content\/uploads\/2022\/11\/DAV-Europa-Angebot-2-80x80.jpg 80w, https:\/\/www.abanico.de\/abanico\/wp-content\/uploads\/2022\/11\/DAV-Europa-Angebot-2-768x768.jpg 768w, https:\/\/www.abanico.de\/abanico\/wp-content\/uploads\/2022\/11\/DAV-Europa-Angebot-2-1536x1536.jpg 1536w, https:\/\/www.abanico.de\/abanico\/wp-content\/uploads\/2022\/11\/DAV-Europa-Angebot-2-36x36.jpg 36w, https:\/\/www.abanico.de\/abanico\/wp-content\/uploads\/2022\/11\/DAV-Europa-Angebot-2-180x180.jpg 180w, https:\/\/www.abanico.de\/abanico\/wp-content\/uploads\/2022\/11\/DAV-Europa-Angebot-2-1500x1500.jpg 1500w, https:\/\/www.abanico.de\/abanico\/wp-content\/uploads\/2022\/11\/DAV-Europa-Angebot-2-705x705.jpg 705w, https:\/\/www.abanico.de\/abanico\/wp-content\/uploads\/2022\/11\/DAV-Europa-Angebot-2-120x120.jpg 120w, https:\/\/www.abanico.de\/abanico\/wp-content\/uploads\/2022\/11\/DAV-Europa-Angebot-2-450x450.jpg 450w, https:\/\/www.abanico.de\/abanico\/wp-content\/uploads\/2022\/11\/DAV-Europa-Angebot-2-400x400.jpg 400w, https:\/\/www.abanico.de\/abanico\/wp-content\/uploads\/2022\/11\/DAV-Europa-Angebot-2-100x100.jpg 100w, https:\/\/www.abanico.de\/abanico\/wp-content\/uploads\/2022\/11\/DAV-Europa-Angebot-2.jpg 2001w\" sizes=\"auto, (max-width: 200px) 100vw, 200px\" \/><\/a><p id=\"caption-attachment-13019\" class=\"wp-caption-text\">Modern Arnis von den f\u00fchrenden Vertretern des DAV in Europa: Senior Guro Laurent Hit Senior Guro Zolt\u00e1n Turek Senior Guro Tom\u00e1\u0161 Severa GM Datu Dieter Kn\u00fcttel<\/p><\/div>\n<p>Laufzeit 166 Minuten<\/p>\n<p>&nbsp;<\/p>\n<p>&nbsp;<\/p>\n","protected":false},"excerpt":{"rendered":"<p>Dieses Angebot umfasst die die beiden\u00a0 Download-Videos vom DAV-Europa-Seminar, das im September 2022 in Dortmund stattgefunden hat. Der DAV hat die Repr\u00e4sentanten aus 4 L\u00e4ndern eingeladen, um ihr K\u00f6nnen mit den Teilnhemer\/innen zu teilen. Knapp 80 Teilnehmer\/innen aus Frankreich, Ungarn, Tschechien und Deutschland trafen sich, um miteinander Modern Arnis zu trainieren. Die Trainer waren: Senior [&hellip;]<\/p>\n","protected":false},"author":2335,"featured_media":13019,"comment_status":"closed","ping_status":"open","sticky":false,"template":"","format":"standard","meta":{"footnotes":""},"categories":[1],"tags":[],"class_list":["post-13022","post","type-post","status-publish","format-standard","has-post-thumbnail","hentry","category-allgemein"],"_links":{"self":[{"href":"https:\/\/www.abanico.de\/abanico\/wp-json\/wp\/v2\/posts\/13022","targetHints":{"allow":["GET"]}}],"collection":[{"href":"https:\/\/www.abanico.de\/abanico\/wp-json\/wp\/v2\/posts"}],"about":[{"href":"https:\/\/www.abanico.de\/abanico\/wp-json\/wp\/v2\/types\/post"}],"author":[{"embeddable":true,"href":"https:\/\/www.abanico.de\/abanico\/wp-json\/wp\/v2\/users\/2335"}],"replies":[{"embeddable":true,"href":"https:\/\/www.abanico.de\/abanico\/wp-json\/wp\/v2\/comments?post=13022"}],"version-history":[{"count":1,"href":"https:\/\/www.abanico.de\/abanico\/wp-json\/wp\/v2\/posts\/13022\/revisions"}],"predecessor-version":[{"id":13025,"href":"https:\/\/www.abanico.de\/abanico\/wp-json\/wp\/v2\/posts\/13022\/revisions\/13025"}],"wp:featuredmedia":[{"embeddable":true,"href":"https:\/\/www.abanico.de\/abanico\/wp-json\/wp\/v2\/media\/13019"}],"wp:attachment":[{"href":"https:\/\/www.abanico.de\/abanico\/wp-json\/wp\/v2\/media?parent=13022"}],"wp:term":[{"taxonomy":"category","embeddable":true,"href":"https:\/\/www.abanico.de\/abanico\/wp-json\/wp\/v2\/categories?post=13022"},{"taxonomy":"post_tag","embeddable":true,"href":"https:\/\/www.abanico.de\/abanico\/wp-json\/wp\/v2\/tags?post=13022"}],"curies":[{"name":"wp","href":"https:\/\/api.w.org\/{rel}","templated":true}]}}