{"id":12982,"date":"2022-11-16T10:51:32","date_gmt":"2022-11-16T09:51:32","guid":{"rendered":"https:\/\/www.abanico.de\/abanico\/?p=12982"},"modified":"2022-11-16T10:53:53","modified_gmt":"2022-11-16T09:53:53","slug":"dav-europe-seminar-vol-1","status":"publish","type":"post","link":"https:\/\/www.abanico.de\/abanico\/en\/dav-europe-seminar-vol-1\/","title":{"rendered":"DAV-Europe-Seminar &#8211; Vol. 1"},"content":{"rendered":"<p>This is\u00a0 the first video about the DAV-Europe seminar, that took place in September 2022 in Dortmund.<\/p>\n<p>It shows the comlete training of the first day.<\/p>\n<p>The DAV had invited the representatives of 4 countries, to share their skills with the participants.<\/p>\n<p>About 80 participants from France, Hungary, Czech Republic, and Germany came to train Modern Arnis.<\/p>\n<p>The instructors were:<\/p>\n<div dir=\"auto\">Senior Guro Tom\u00e1\u0161 Severa, 3rd Dan, Czech Republic<\/div>\n<div dir=\"auto\">Senior Guro Zolt\u00e1n Turek, 5th Dan, Hungary<\/div>\n<div dir=\"auto\">Senior Guro Laurent Hit, 5th Dan, France<\/div>\n<div dir=\"auto\">GM Datu Dieter Kn\u00fcttel, 10th Dan, Germany.<\/div>\n<p>The instructon was excellent and gave the participants new ideas and insights into their Modern Arnis.<\/p>\n<p>There are 2 versions. when you click on the red links you fiond more information about the videos and you can order them there:<\/p>\n<p><strong><em><a href=\"https:\/\/www.abanico.de\/abanico\/en\/shop\/download-en\/seminars-videos-download-en\/lehrgaenge-mit-gm-datu-dieter-knuettel-en\/dav-europe-seminar-vol-1-download-en\/\"><span style=\"color: #ff0000;\">DAV-Europe-Seminar-Vol. 1 &#8211; download<\/span><\/a><\/em><\/strong><\/p>\n<p>16,90 \u20ac<\/p>\n<p><span style=\"color: #ff0000;\"><strong><em><a style=\"color: #ff0000;\" href=\"https:\/\/www.abanico.de\/abanico\/en\/shop\/download-en\/modern-arnis-download-en\/grossmeister-und-meister-des-modern-arnis-en\/double-impact-seminar-berlin-part-1-download-en\/\">DAV-Europe-Seminar-Vol.<\/a><a style=\"color: #ff0000;\" href=\"https:\/\/www.abanico.de\/abanico\/en\/shop\/streamingen\/modernarnis-streamingen\/seminars\/dav-europe-seminar-vol-1-download-streaming-en\/\"> 1- download + streaming<\/a><\/em> <\/strong><\/span><\/p>\n<p>19,90 \u20ac<\/p>\n<div id=\"attachment_12965\" style=\"width: 210px\" class=\"wp-caption alignleft\"><a href=\"https:\/\/www.abanico.de\/abanico\/en\/shop\/streamingen\/modernarnis-streamingen\/seminars\/dav-europe-seminar-vol-1-download-streaming-en\/\"><img loading=\"lazy\" decoding=\"async\" aria-describedby=\"caption-attachment-12965\" class=\"wp-image-12965 size-medium\" src=\"https:\/\/www.abanico.de\/abanico\/wp-content\/uploads\/2022\/11\/Europa-Seminar-1-en-q-200x200.jpg\" alt=\"DAV-Europe-Seminar - Vol. 1\" width=\"200\" height=\"200\" srcset=\"https:\/\/www.abanico.de\/abanico\/wp-content\/uploads\/2022\/11\/Europa-Seminar-1-en-q-200x200.jpg 200w, https:\/\/www.abanico.de\/abanico\/wp-content\/uploads\/2022\/11\/Europa-Seminar-1-en-q-1030x1030.jpg 1030w, https:\/\/www.abanico.de\/abanico\/wp-content\/uploads\/2022\/11\/Europa-Seminar-1-en-q-80x80.jpg 80w, https:\/\/www.abanico.de\/abanico\/wp-content\/uploads\/2022\/11\/Europa-Seminar-1-en-q-768x768.jpg 768w, https:\/\/www.abanico.de\/abanico\/wp-content\/uploads\/2022\/11\/Europa-Seminar-1-en-q-1536x1536.jpg 1536w, https:\/\/www.abanico.de\/abanico\/wp-content\/uploads\/2022\/11\/Europa-Seminar-1-en-q-36x36.jpg 36w, https:\/\/www.abanico.de\/abanico\/wp-content\/uploads\/2022\/11\/Europa-Seminar-1-en-q-180x180.jpg 180w, https:\/\/www.abanico.de\/abanico\/wp-content\/uploads\/2022\/11\/Europa-Seminar-1-en-q-1500x1500.jpg 1500w, https:\/\/www.abanico.de\/abanico\/wp-content\/uploads\/2022\/11\/Europa-Seminar-1-en-q-705x705.jpg 705w, https:\/\/www.abanico.de\/abanico\/wp-content\/uploads\/2022\/11\/Europa-Seminar-1-en-q-120x120.jpg 120w, https:\/\/www.abanico.de\/abanico\/wp-content\/uploads\/2022\/11\/Europa-Seminar-1-en-q-450x450.jpg 450w, https:\/\/www.abanico.de\/abanico\/wp-content\/uploads\/2022\/11\/Europa-Seminar-1-en-q-400x400.jpg 400w, https:\/\/www.abanico.de\/abanico\/wp-content\/uploads\/2022\/11\/Europa-Seminar-1-en-q-100x100.jpg 100w, https:\/\/www.abanico.de\/abanico\/wp-content\/uploads\/2022\/11\/Europa-Seminar-1-en-q.jpg 2001w\" sizes=\"auto, (max-width: 200px) 100vw, 200px\" \/><\/a><p id=\"caption-attachment-12965\" class=\"wp-caption-text\">Modern Arnis from the leading experts of the DAV in Europe: Senior Guro Laurent Hit Senior Guro Zolt\u00e1n Turek Senior Guro Tom\u00e1\u0161 Severa GM Datu Dieter Kn\u00fcttel<\/p><\/div>\n<p>Running time 54 minutes<\/p>\n<p>&nbsp;<\/p>\n","protected":false},"excerpt":{"rendered":"<p>This is\u00a0 the first video about the DAV-Europe seminar, that took place in September 2022 in Dortmund. It shows the comlete training of the first day. The DAV had invited the representatives of 4 countries, to share their skills with the participants. About 80 participants from France, Hungary, Czech Republic, and Germany came to train [&hellip;]<\/p>\n","protected":false},"author":2335,"featured_media":12965,"comment_status":"closed","ping_status":"open","sticky":false,"template":"","format":"standard","meta":{"footnotes":""},"categories":[7],"tags":[],"class_list":["post-12982","post","type-post","status-publish","format-standard","has-post-thumbnail","hentry","category-allgemein-en"],"_links":{"self":[{"href":"https:\/\/www.abanico.de\/abanico\/wp-json\/wp\/v2\/posts\/12982","targetHints":{"allow":["GET"]}}],"collection":[{"href":"https:\/\/www.abanico.de\/abanico\/wp-json\/wp\/v2\/posts"}],"about":[{"href":"https:\/\/www.abanico.de\/abanico\/wp-json\/wp\/v2\/types\/post"}],"author":[{"embeddable":true,"href":"https:\/\/www.abanico.de\/abanico\/wp-json\/wp\/v2\/users\/2335"}],"replies":[{"embeddable":true,"href":"https:\/\/www.abanico.de\/abanico\/wp-json\/wp\/v2\/comments?post=12982"}],"version-history":[{"count":3,"href":"https:\/\/www.abanico.de\/abanico\/wp-json\/wp\/v2\/posts\/12982\/revisions"}],"predecessor-version":[{"id":13108,"href":"https:\/\/www.abanico.de\/abanico\/wp-json\/wp\/v2\/posts\/12982\/revisions\/13108"}],"wp:featuredmedia":[{"embeddable":true,"href":"https:\/\/www.abanico.de\/abanico\/wp-json\/wp\/v2\/media\/12965"}],"wp:attachment":[{"href":"https:\/\/www.abanico.de\/abanico\/wp-json\/wp\/v2\/media?parent=12982"}],"wp:term":[{"taxonomy":"category","embeddable":true,"href":"https:\/\/www.abanico.de\/abanico\/wp-json\/wp\/v2\/categories?post=12982"},{"taxonomy":"post_tag","embeddable":true,"href":"https:\/\/www.abanico.de\/abanico\/wp-json\/wp\/v2\/tags?post=12982"}],"curies":[{"name":"wp","href":"https:\/\/api.w.org\/{rel}","templated":true}]}}