{"id":12971,"date":"2022-11-16T10:08:02","date_gmt":"2022-11-16T09:08:02","guid":{"rendered":"https:\/\/www.abanico.de\/abanico\/?p=12971"},"modified":"2022-11-18T10:14:01","modified_gmt":"2022-11-18T09:14:01","slug":"dav-europa-seminar-teil-1","status":"publish","type":"post","link":"https:\/\/www.abanico.de\/abanico\/dav-europa-seminar-teil-1\/","title":{"rendered":"DAV-Europa-Seminar &#8211; Teil 1"},"content":{"rendered":"<p>Dies ist das erste Video \u00fcber das DAV-Europa-Seminar, das im September 2022 in Dortmund stattfand.<br \/>\nEs zeigt das komplette Training vom ersten Tag.<br \/>\nDer DAV hat die Repr\u00e4sentanten aus 4 L\u00e4ndern eingeladen, um ihr K\u00f6nnen mit den Teilnhemer\/innen zu teilen.<\/p>\n<p>Knapp 80 Teilnehmer\/innen aus Frankreich, Ungarn, Tschechien und Deutschland trafen sich, um miteinander Modern Arnis zu trainieren.<\/p>\n<div dir=\"auto\">Die Trainer waren:<\/div>\n<div dir=\"auto\">Senior Guro Tom\u00e1\u0161 Severa, 3. Dan aus Tschechien<\/div>\n<div dir=\"auto\">Senior Guro Zolt\u00e1n Turek, 5. Dan\u00a0 aus Ungarn<\/div>\n<div dir=\"auto\">Senior Guro Laurent Hit, 5. Dan aus Frankreich<\/div>\n<div dir=\"auto\">GM Datu Dieter Kn\u00fcttel, 10. Dan aus Dortmund.<\/div>\n<p>Es wurden hervorragende Trainignseinheiten unterrichtet, mit interessanten Konzepte und teilweise neuen Ans\u00e4tze und Ideen f\u00fcr die Teilnehmer\/innen!<\/p>\n<p>&nbsp;<\/p>\n<p>Es gibt 2 Versionen, hinter den roten Links finden Sie mehr Informationen und dort kann man das Video auch kaufen:<\/p>\n<p><strong><em><a href=\"https:\/\/www.abanico.de\/abanico\/shop\/download-de\/seminar-videos-download-de\/lehrgaenge-mit-gm-datu-dieter-knuettel\/dav-europa-seminar-teil-1-download-de\/\"><span style=\"color: #ff0000;\">DAV-Europa-Seminar-Teil-1- download<\/span><\/a><\/em><\/strong><\/p>\n<p>16,90 \u20ac<\/p>\n<p><strong><em><a style=\"color: #ff0000;\" href=\"https:\/\/www.abanico.de\/abanico\/shop\/streamingde\/modernarnis\/lehrgaengestreaming\/dav-europa-seminar-teil-1-download-streaming-de\/\">DAV-Europa-Seminar-Teil-1- download + streaming<\/a><\/em> <\/strong><\/p>\n<p>19,90 \u20ac<\/p>\n<div id=\"attachment_12964\" style=\"width: 210px\" class=\"wp-caption alignleft\"><a href=\"https:\/\/www.abanico.de\/abanico\/shop\/streamingde\/modernarnis\/lehrgaengestreaming\/dav-europa-seminar-teil-1-download-streaming-de\/\"><img loading=\"lazy\" decoding=\"async\" aria-describedby=\"caption-attachment-12964\" class=\"wp-image-12964 size-medium\" src=\"https:\/\/www.abanico.de\/abanico\/wp-content\/uploads\/2022\/11\/Europa-Seminar-1-de-q-200x200.jpg\" alt=\"DAV-Europa-Seminar - Teil 1\" width=\"200\" height=\"200\" srcset=\"https:\/\/www.abanico.de\/abanico\/wp-content\/uploads\/2022\/11\/Europa-Seminar-1-de-q-200x200.jpg 200w, https:\/\/www.abanico.de\/abanico\/wp-content\/uploads\/2022\/11\/Europa-Seminar-1-de-q-1030x1030.jpg 1030w, https:\/\/www.abanico.de\/abanico\/wp-content\/uploads\/2022\/11\/Europa-Seminar-1-de-q-80x80.jpg 80w, https:\/\/www.abanico.de\/abanico\/wp-content\/uploads\/2022\/11\/Europa-Seminar-1-de-q-768x768.jpg 768w, https:\/\/www.abanico.de\/abanico\/wp-content\/uploads\/2022\/11\/Europa-Seminar-1-de-q-1536x1536.jpg 1536w, https:\/\/www.abanico.de\/abanico\/wp-content\/uploads\/2022\/11\/Europa-Seminar-1-de-q-36x36.jpg 36w, https:\/\/www.abanico.de\/abanico\/wp-content\/uploads\/2022\/11\/Europa-Seminar-1-de-q-180x180.jpg 180w, https:\/\/www.abanico.de\/abanico\/wp-content\/uploads\/2022\/11\/Europa-Seminar-1-de-q-1500x1500.jpg 1500w, https:\/\/www.abanico.de\/abanico\/wp-content\/uploads\/2022\/11\/Europa-Seminar-1-de-q-705x705.jpg 705w, https:\/\/www.abanico.de\/abanico\/wp-content\/uploads\/2022\/11\/Europa-Seminar-1-de-q-120x120.jpg 120w, https:\/\/www.abanico.de\/abanico\/wp-content\/uploads\/2022\/11\/Europa-Seminar-1-de-q-450x450.jpg 450w, https:\/\/www.abanico.de\/abanico\/wp-content\/uploads\/2022\/11\/Europa-Seminar-1-de-q-400x400.jpg 400w, https:\/\/www.abanico.de\/abanico\/wp-content\/uploads\/2022\/11\/Europa-Seminar-1-de-q-100x100.jpg 100w, https:\/\/www.abanico.de\/abanico\/wp-content\/uploads\/2022\/11\/Europa-Seminar-1-de-q.jpg 2001w\" sizes=\"auto, (max-width: 200px) 100vw, 200px\" \/><\/a><p id=\"caption-attachment-12964\" class=\"wp-caption-text\">Modern Arnis von den f\u00fchrenden Vertretern des DAV in Europa: Senior Guro Laurent Hit Senior Guro Zolt\u00e1n Turek Senior Guro Tom\u00e1\u0161 Severa GM Datu Dieter Kn\u00fcttel<\/p><\/div>\n<p>Laufzeit 54 Minuten<\/p>\n<p>&nbsp;<\/p>\n","protected":false},"excerpt":{"rendered":"<p>Dies ist das erste Video \u00fcber das DAV-Europa-Seminar, das im September 2022 in Dortmund stattfand. Es zeigt das komplette Training vom ersten Tag. Der DAV hat die Repr\u00e4sentanten aus 4 L\u00e4ndern eingeladen, um ihr K\u00f6nnen mit den Teilnhemer\/innen zu teilen. Knapp 80 Teilnehmer\/innen aus Frankreich, Ungarn, Tschechien und Deutschland trafen sich, um miteinander Modern Arnis [&hellip;]<\/p>\n","protected":false},"author":2335,"featured_media":12964,"comment_status":"closed","ping_status":"open","sticky":false,"template":"","format":"standard","meta":{"footnotes":""},"categories":[1],"tags":[],"class_list":["post-12971","post","type-post","status-publish","format-standard","has-post-thumbnail","hentry","category-allgemein"],"_links":{"self":[{"href":"https:\/\/www.abanico.de\/abanico\/wp-json\/wp\/v2\/posts\/12971","targetHints":{"allow":["GET"]}}],"collection":[{"href":"https:\/\/www.abanico.de\/abanico\/wp-json\/wp\/v2\/posts"}],"about":[{"href":"https:\/\/www.abanico.de\/abanico\/wp-json\/wp\/v2\/types\/post"}],"author":[{"embeddable":true,"href":"https:\/\/www.abanico.de\/abanico\/wp-json\/wp\/v2\/users\/2335"}],"replies":[{"embeddable":true,"href":"https:\/\/www.abanico.de\/abanico\/wp-json\/wp\/v2\/comments?post=12971"}],"version-history":[{"count":5,"href":"https:\/\/www.abanico.de\/abanico\/wp-json\/wp\/v2\/posts\/12971\/revisions"}],"predecessor-version":[{"id":13107,"href":"https:\/\/www.abanico.de\/abanico\/wp-json\/wp\/v2\/posts\/12971\/revisions\/13107"}],"wp:featuredmedia":[{"embeddable":true,"href":"https:\/\/www.abanico.de\/abanico\/wp-json\/wp\/v2\/media\/12964"}],"wp:attachment":[{"href":"https:\/\/www.abanico.de\/abanico\/wp-json\/wp\/v2\/media?parent=12971"}],"wp:term":[{"taxonomy":"category","embeddable":true,"href":"https:\/\/www.abanico.de\/abanico\/wp-json\/wp\/v2\/categories?post=12971"},{"taxonomy":"post_tag","embeddable":true,"href":"https:\/\/www.abanico.de\/abanico\/wp-json\/wp\/v2\/tags?post=12971"}],"curies":[{"name":"wp","href":"https:\/\/api.w.org\/{rel}","templated":true}]}}